{"id":4548,"date":"2023-10-11T00:01:00","date_gmt":"2023-10-10T22:01:00","guid":{"rendered":"https:\/\/www.mycard.ch\/?p=4548"},"modified":"2023-09-28T17:29:47","modified_gmt":"2023-09-28T15:29:47","slug":"votre-carte-de-credit-est-maintenant-valable-5-ans","status":"publish","type":"post","link":"https:\/\/www.mycard.ch\/fr\/votre-carte-de-credit-est-maintenant-valable-5-ans\/","title":{"rendered":"Votre nouvelle carte de cr\u00e9dit est d\u00e9sormais valable 5 ans"},"content":{"rendered":"<div id=\"bsf_rt_marker\"><\/div>\n\t<div class=\"post-lead-holder\">\n\t\t<p>Aujourd&rsquo;hui, \u00e0 une caisse, vous payez le plus souvent sans contact ou directement avec votre smartphone, ce qui r\u00e9duit l&rsquo;usure de la carte. C&rsquo;est pourquoi la dur\u00e9e de validit\u00e9 de votre nouvelle carte de cr\u00e9dit passe de trois \u00e0 cinq ans. Cela r\u00e9duit la consommation de plastique et rend la carte plus durable.<\/p>\n\t<\/div>\n\n\n\n\t<div class=\"post-attribute-holder\">\n\t\t<span class=\"bsf-rt-reading-time\"><span class=\"bsf-rt-display-label\" prefix=\"Reading Time\">\n\t\t<\/span> <span class=\"bsf-rt-display-time\" reading_time=\"1\"><\/span> \n\t\t<span class=\"bsf-rt-display-postfix\" postfix=\"mins\"><\/span><\/span>min. de lecture-11.10.2023 \u2013 \n\t\tPhoto: shutterstock\t<\/div>\n\n\n\n<p>La plupart des cartes de cr\u00e9dit sont dot\u00e9es d&rsquo;une bande magn\u00e9tique et du num\u00e9ro de la carte emboss\u00e9. Vous n&rsquo;en aurez toutefois plus grand besoin au quotidien. En effet, les transactions sont effectu\u00e9es de plus en plus souvent sans contact, par NFC, avec la puce de la carte ou directement via Mobile Payment sur votre smartphone ou votre smartwatch. C&rsquo;est beaucoup plus pratique et votre carte ne subit ainsi presque plus de contraintes m\u00e9caniques. La carte de cr\u00e9dit ayant ainsi gagn\u00e9 en long\u00e9vit\u00e9, Viseca a donc prolong\u00e9 sa dur\u00e9e de validit\u00e9 de trois \u00e0 cinq ans. <strong>Toutes les nouvelles cartes sont d\u00e9sormais \u00e9mises avec la nouvelle dur\u00e9e de validit\u00e9 de cinq ans.<\/strong> Cela pr\u00e9sente des avantages pour vous et pour l&rsquo;environnement.<\/p>\n\n\n\n<div class=\"wp-block-group grey box has-background\" style=\"background-color:#f7f7f7\"><div class=\"wp-block-group__inner-container is-layout-flow wp-block-group-is-layout-flow\">\n<ul class=\"has-background wp-block-list\" style=\"background-color:#f7f7f7\">\n<li><strong>Durabilit\u00e9<\/strong> \u2013 Gr\u00e2ce \u00e0 une dur\u00e9e de validit\u00e9 plus longue de la carte, vous pouvez l&rsquo;utiliser plus longtemps sans en changer. Cela prolonge sa dur\u00e9e de vie et r\u00e9duit ainsi consid\u00e9rablement les d\u00e9chets plastiques, le nombre de cartes physiques ainsi \u00e9mises \u00e9tant fortement r\u00e9duit.<\/li>\n\n\n\n<li><strong>Dur\u00e9e de validit\u00e9 num\u00e9rique<\/strong> \u2013 Non seulement la dur\u00e9e de validit\u00e9 de la carte de cr\u00e9dit physique est prolong\u00e9e \u00e0 cinq ans mais la carte num\u00e9ris\u00e9e dans one ou dans le wallet de votre smartphone pr\u00e9sente automatiquement la m\u00eame date d&rsquo;expiration.<\/li>\n\n\n\n<li><strong>Moins d&rsquo;adaptations en ligne<\/strong> \u2013 Comme la dur\u00e9e de validit\u00e9 de votre carte est \u00e9galement prolong\u00e9e num\u00e9riquement, vous ne devez plus modifier tous les cinq ans les donn\u00e9es de paiement que vous avez enregistr\u00e9es pour les abonnements sur Internet, le shopping en ligne ou les boutiques de billets comme le Ticket Shop des CFF par exemple.<\/li>\n<\/ul>\n<\/div><\/div>\n\n\n\n    <div class=\"select-post-holder flex-container section layout-article-teaser\">\n     <div class=\"container\">\n       \n                   \n                 \n     <div class=\"select-post flex-item square\">\n                           \n                                 \n                  <div class=\"featured-image-holder\">\n                     <a href=\"https:\/\/www.mycard.ch\/fr\/safety-first-voila-pourquoi-la-carte-de-credit-est-sure\/\">\n                       <div class=\"featured-iamge\">\n                         <img loading=\"lazy\" decoding=\"async\" width=\"400\" height=\"400\" src=\"https:\/\/www.mycard.ch\/wp-content\/uploads\/2023\/08\/sicherheitsmerkmale_header_16x9_137929202-400x400.jpg\" class=\"attachment-mid-size-q size-mid-size-q wp-post-image\" alt=\"\" srcset=\"https:\/\/www.mycard.ch\/wp-content\/uploads\/2023\/08\/sicherheitsmerkmale_header_16x9_137929202-400x400.jpg 400w, https:\/\/www.mycard.ch\/wp-content\/uploads\/2023\/08\/sicherheitsmerkmale_header_16x9_137929202-150x150.jpg 150w, https:\/\/www.mycard.ch\/wp-content\/uploads\/2023\/08\/sicherheitsmerkmale_header_16x9_137929202-200x200.jpg 200w\" sizes=\"auto, (max-width: 400px) 100vw, 400px\" \/>                       <\/div>\n                     <\/a>\t\n                   <\/div>\n                   \n                   <div class=\"featured-content\">\n                      <a href=\"https:\/\/www.mycard.ch\/fr\/safety-first-voila-pourquoi-la-carte-de-credit-est-sure\/\">\n                       <h2>Safety first \u2013 voil\u00e0 pourquoi la carte de cr\u00e9dit est si s\u00fbre<\/h2>\n                       <span class=\"reading-time\"><span class=\"bsf-rt-reading-time\"><span class=\"bsf-rt-display-label\" prefix=\"Reading Time\">\n\t\t<\/span> <span class=\"bsf-rt-display-time\" reading_time=\"3\"><\/span> \n\t\t<span class=\"bsf-rt-display-postfix\" postfix=\"mins\"><\/span><\/span>min. de lecture<\/span>\n                       <\/a>\t\n                  <\/div>\n                     \n                              \n            \n               \n               \n                 \n\n                  <\/div>    \n                      \n                   \n       \n     <\/div> \n   <\/div>  \n","protected":false},"excerpt":{"rendered":"<p>La plupart des cartes de cr\u00e9dit sont dot\u00e9es d&rsquo;une bande magn\u00e9tique et du num\u00e9ro de la carte emboss\u00e9. Vous n&rsquo;en aurez toutefois plus grand besoin au quotidien. En effet, les [&hellip;]<\/p>\n","protected":false},"author":5,"featured_media":4549,"comment_status":"closed","ping_status":"closed","sticky":false,"template":"","format":"standard","meta":{"_acf_changed":false,"inline_featured_image":false,"footnotes":""},"categories":[56],"tags":[],"class_list":["post-4548","post","type-post","status-publish","format-standard","has-post-thumbnail","hentry","category-paiements-simples"],"acf":{"show_content_below_image":[],"publizieren_auf":["mycard"]},"yoast_head":"<!-- This site is optimized with the Yoast SEO plugin v26.8 - https:\/\/yoast.com\/product\/yoast-seo-wordpress\/ -->\n<title>Votre nouvelle carte de cr\u00e9dit est d\u00e9sormais valable 5 ans - MyCard<\/title>\n<meta name=\"description\" content=\"La dur\u00e9e de validit\u00e9 de votre nouvelle carte de cr\u00e9dit passe de trois \u00e0 cinq ans. Cela r\u00e9duit la consommation de plastique et rend la carte plus durable.\" \/>\n<meta name=\"robots\" content=\"index, follow, max-snippet:-1, max-image-preview:large, max-video-preview:-1\" \/>\n<link rel=\"canonical\" href=\"https:\/\/www.mycard.ch\/ihre-neue-kreditkarte-ist-jetzt-fuenf-jahre-gueltig\/\" \/>\n<meta property=\"og:locale\" content=\"fr_FR\" \/>\n<meta property=\"og:type\" content=\"article\" \/>\n<meta property=\"og:title\" content=\"Votre nouvelle carte de cr\u00e9dit est d\u00e9sormais valable 5 ans - MyCard\" \/>\n<meta property=\"og:description\" content=\"La dur\u00e9e de validit\u00e9 de votre nouvelle carte de cr\u00e9dit passe de trois \u00e0 cinq ans. Cela r\u00e9duit la consommation de plastique et rend la carte plus durable.\" \/>\n<meta property=\"og:url\" content=\"https:\/\/www.mycard.ch\/ihre-neue-kreditkarte-ist-jetzt-fuenf-jahre-gueltig\/\" \/>\n<meta property=\"og:site_name\" content=\"MyCard\" \/>\n<meta property=\"article:published_time\" content=\"2023-10-10T22:01:00+00:00\" \/>\n<meta property=\"og:image\" content=\"https:\/\/www.mycard.ch\/wp-content\/uploads\/2023\/09\/5-Jahre_header_16x9_1422563918.jpg\" \/>\n\t<meta property=\"og:image:width\" content=\"1600\" \/>\n\t<meta property=\"og:image:height\" content=\"900\" \/>\n\t<meta property=\"og:image:type\" content=\"image\/jpeg\" \/>\n<meta name=\"author\" content=\"Bojan\" \/>\n<meta name=\"twitter:card\" content=\"summary_large_image\" \/>\n<meta name=\"twitter:label1\" content=\"\u00c9crit par\" \/>\n\t<meta name=\"twitter:data1\" content=\"Bojan\" \/>\n\t<meta name=\"twitter:label2\" content=\"Dur\u00e9e de lecture estim\u00e9e\" \/>\n\t<meta name=\"twitter:data2\" content=\"2 minutes\" \/>\n<script type=\"application\/ld+json\" class=\"yoast-schema-graph\">{\"@context\":\"https:\/\/schema.org\",\"@graph\":[{\"@type\":\"Article\",\"@id\":\"https:\/\/www.mycard.ch\/ihre-neue-kreditkarte-ist-jetzt-fuenf-jahre-gueltig\/#article\",\"isPartOf\":{\"@id\":\"https:\/\/www.mycard.ch\/ihre-neue-kreditkarte-ist-jetzt-fuenf-jahre-gueltig\/\"},\"author\":{\"name\":\"Bojan\",\"@id\":\"https:\/\/www.mycard.ch\/#\/schema\/person\/2bf90bf839410d3bee77b07ab7e17350\"},\"headline\":\"Votre nouvelle carte de cr\u00e9dit est d\u00e9sormais valable 5 ans\",\"datePublished\":\"2023-10-10T22:01:00+00:00\",\"mainEntityOfPage\":{\"@id\":\"https:\/\/www.mycard.ch\/ihre-neue-kreditkarte-ist-jetzt-fuenf-jahre-gueltig\/\"},\"wordCount\":307,\"image\":{\"@id\":\"https:\/\/www.mycard.ch\/ihre-neue-kreditkarte-ist-jetzt-fuenf-jahre-gueltig\/#primaryimage\"},\"thumbnailUrl\":\"https:\/\/www.mycard.ch\/wp-content\/uploads\/2023\/09\/5-Jahre_header_16x9_1422563918.jpg\",\"articleSection\":[\"Paiements simples\"],\"inLanguage\":\"fr-FR\"},{\"@type\":\"WebPage\",\"@id\":\"https:\/\/www.mycard.ch\/ihre-neue-kreditkarte-ist-jetzt-fuenf-jahre-gueltig\/\",\"url\":\"https:\/\/www.mycard.ch\/ihre-neue-kreditkarte-ist-jetzt-fuenf-jahre-gueltig\/\",\"name\":\"Votre nouvelle carte de cr\u00e9dit est d\u00e9sormais valable 5 ans - MyCard\",\"isPartOf\":{\"@id\":\"https:\/\/www.mycard.ch\/#website\"},\"primaryImageOfPage\":{\"@id\":\"https:\/\/www.mycard.ch\/ihre-neue-kreditkarte-ist-jetzt-fuenf-jahre-gueltig\/#primaryimage\"},\"image\":{\"@id\":\"https:\/\/www.mycard.ch\/ihre-neue-kreditkarte-ist-jetzt-fuenf-jahre-gueltig\/#primaryimage\"},\"thumbnailUrl\":\"https:\/\/www.mycard.ch\/wp-content\/uploads\/2023\/09\/5-Jahre_header_16x9_1422563918.jpg\",\"datePublished\":\"2023-10-10T22:01:00+00:00\",\"author\":{\"@id\":\"https:\/\/www.mycard.ch\/#\/schema\/person\/2bf90bf839410d3bee77b07ab7e17350\"},\"description\":\"La dur\u00e9e de validit\u00e9 de votre nouvelle carte de cr\u00e9dit passe de trois \u00e0 cinq ans. Cela r\u00e9duit la consommation de plastique et rend la carte plus durable.\",\"breadcrumb\":{\"@id\":\"https:\/\/www.mycard.ch\/ihre-neue-kreditkarte-ist-jetzt-fuenf-jahre-gueltig\/#breadcrumb\"},\"inLanguage\":\"fr-FR\",\"potentialAction\":[{\"@type\":\"ReadAction\",\"target\":[\"https:\/\/www.mycard.ch\/ihre-neue-kreditkarte-ist-jetzt-fuenf-jahre-gueltig\/\"]}]},{\"@type\":\"ImageObject\",\"inLanguage\":\"fr-FR\",\"@id\":\"https:\/\/www.mycard.ch\/ihre-neue-kreditkarte-ist-jetzt-fuenf-jahre-gueltig\/#primaryimage\",\"url\":\"https:\/\/www.mycard.ch\/wp-content\/uploads\/2023\/09\/5-Jahre_header_16x9_1422563918.jpg\",\"contentUrl\":\"https:\/\/www.mycard.ch\/wp-content\/uploads\/2023\/09\/5-Jahre_header_16x9_1422563918.jpg\",\"width\":1600,\"height\":900,\"caption\":\"Portrait of charming nice lovely teen teenager invite friend have success win victory rejoice cheerful enjoy candid isolated dressed modern clothing outfit colorful background\"},{\"@type\":\"BreadcrumbList\",\"@id\":\"https:\/\/www.mycard.ch\/ihre-neue-kreditkarte-ist-jetzt-fuenf-jahre-gueltig\/#breadcrumb\",\"itemListElement\":[{\"@type\":\"ListItem\",\"position\":1,\"name\":\"Startseite\",\"item\":\"https:\/\/www.mycard.ch\/fr\/\"},{\"@type\":\"ListItem\",\"position\":2,\"name\":\"Votre nouvelle carte de cr\u00e9dit est d\u00e9sormais valable 5 ans\"}]},{\"@type\":\"WebSite\",\"@id\":\"https:\/\/www.mycard.ch\/#website\",\"url\":\"https:\/\/www.mycard.ch\/\",\"name\":\"MyCard\",\"description\":\"das Kundenmagazin der Viseca Card Services SA\",\"potentialAction\":[{\"@type\":\"SearchAction\",\"target\":{\"@type\":\"EntryPoint\",\"urlTemplate\":\"https:\/\/www.mycard.ch\/?s={search_term_string}\"},\"query-input\":{\"@type\":\"PropertyValueSpecification\",\"valueRequired\":true,\"valueName\":\"search_term_string\"}}],\"inLanguage\":\"fr-FR\"},{\"@type\":\"Person\",\"@id\":\"https:\/\/www.mycard.ch\/#\/schema\/person\/2bf90bf839410d3bee77b07ab7e17350\",\"name\":\"Bojan\",\"image\":{\"@type\":\"ImageObject\",\"inLanguage\":\"fr-FR\",\"@id\":\"https:\/\/www.mycard.ch\/#\/schema\/person\/image\/\",\"url\":\"https:\/\/secure.gravatar.com\/avatar\/1ac6150a15edeb7f3f21935221658c9422f5d2edc3bf33bbc3ea997464f70d1d?s=96&d=mm&r=g\",\"contentUrl\":\"https:\/\/secure.gravatar.com\/avatar\/1ac6150a15edeb7f3f21935221658c9422f5d2edc3bf33bbc3ea997464f70d1d?s=96&d=mm&r=g\",\"caption\":\"Bojan\"},\"url\":\"https:\/\/www.mycard.ch\/fr\/author\/bojan\/\"}]}<\/script>\n<!-- \/ Yoast SEO plugin. -->","yoast_head_json":{"title":"Votre nouvelle carte de cr\u00e9dit est d\u00e9sormais valable 5 ans - MyCard","description":"La dur\u00e9e de validit\u00e9 de votre nouvelle carte de cr\u00e9dit passe de trois \u00e0 cinq ans. Cela r\u00e9duit la consommation de plastique et rend la carte plus durable.","robots":{"index":"index","follow":"follow","max-snippet":"max-snippet:-1","max-image-preview":"max-image-preview:large","max-video-preview":"max-video-preview:-1"},"canonical":"https:\/\/www.mycard.ch\/ihre-neue-kreditkarte-ist-jetzt-fuenf-jahre-gueltig\/","og_locale":"fr_FR","og_type":"article","og_title":"Votre nouvelle carte de cr\u00e9dit est d\u00e9sormais valable 5 ans - MyCard","og_description":"La dur\u00e9e de validit\u00e9 de votre nouvelle carte de cr\u00e9dit passe de trois \u00e0 cinq ans. Cela r\u00e9duit la consommation de plastique et rend la carte plus durable.","og_url":"https:\/\/www.mycard.ch\/ihre-neue-kreditkarte-ist-jetzt-fuenf-jahre-gueltig\/","og_site_name":"MyCard","article_published_time":"2023-10-10T22:01:00+00:00","og_image":[{"width":1600,"height":900,"url":"https:\/\/www.mycard.ch\/wp-content\/uploads\/2023\/09\/5-Jahre_header_16x9_1422563918.jpg","type":"image\/jpeg"}],"author":"Bojan","twitter_card":"summary_large_image","twitter_misc":{"\u00c9crit par":"Bojan","Dur\u00e9e de lecture estim\u00e9e":"2 minutes"},"schema":{"@context":"https:\/\/schema.org","@graph":[{"@type":"Article","@id":"https:\/\/www.mycard.ch\/ihre-neue-kreditkarte-ist-jetzt-fuenf-jahre-gueltig\/#article","isPartOf":{"@id":"https:\/\/www.mycard.ch\/ihre-neue-kreditkarte-ist-jetzt-fuenf-jahre-gueltig\/"},"author":{"name":"Bojan","@id":"https:\/\/www.mycard.ch\/#\/schema\/person\/2bf90bf839410d3bee77b07ab7e17350"},"headline":"Votre nouvelle carte de cr\u00e9dit est d\u00e9sormais valable 5 ans","datePublished":"2023-10-10T22:01:00+00:00","mainEntityOfPage":{"@id":"https:\/\/www.mycard.ch\/ihre-neue-kreditkarte-ist-jetzt-fuenf-jahre-gueltig\/"},"wordCount":307,"image":{"@id":"https:\/\/www.mycard.ch\/ihre-neue-kreditkarte-ist-jetzt-fuenf-jahre-gueltig\/#primaryimage"},"thumbnailUrl":"https:\/\/www.mycard.ch\/wp-content\/uploads\/2023\/09\/5-Jahre_header_16x9_1422563918.jpg","articleSection":["Paiements simples"],"inLanguage":"fr-FR"},{"@type":"WebPage","@id":"https:\/\/www.mycard.ch\/ihre-neue-kreditkarte-ist-jetzt-fuenf-jahre-gueltig\/","url":"https:\/\/www.mycard.ch\/ihre-neue-kreditkarte-ist-jetzt-fuenf-jahre-gueltig\/","name":"Votre nouvelle carte de cr\u00e9dit est d\u00e9sormais valable 5 ans - MyCard","isPartOf":{"@id":"https:\/\/www.mycard.ch\/#website"},"primaryImageOfPage":{"@id":"https:\/\/www.mycard.ch\/ihre-neue-kreditkarte-ist-jetzt-fuenf-jahre-gueltig\/#primaryimage"},"image":{"@id":"https:\/\/www.mycard.ch\/ihre-neue-kreditkarte-ist-jetzt-fuenf-jahre-gueltig\/#primaryimage"},"thumbnailUrl":"https:\/\/www.mycard.ch\/wp-content\/uploads\/2023\/09\/5-Jahre_header_16x9_1422563918.jpg","datePublished":"2023-10-10T22:01:00+00:00","author":{"@id":"https:\/\/www.mycard.ch\/#\/schema\/person\/2bf90bf839410d3bee77b07ab7e17350"},"description":"La dur\u00e9e de validit\u00e9 de votre nouvelle carte de cr\u00e9dit passe de trois \u00e0 cinq ans. Cela r\u00e9duit la consommation de plastique et rend la carte plus durable.","breadcrumb":{"@id":"https:\/\/www.mycard.ch\/ihre-neue-kreditkarte-ist-jetzt-fuenf-jahre-gueltig\/#breadcrumb"},"inLanguage":"fr-FR","potentialAction":[{"@type":"ReadAction","target":["https:\/\/www.mycard.ch\/ihre-neue-kreditkarte-ist-jetzt-fuenf-jahre-gueltig\/"]}]},{"@type":"ImageObject","inLanguage":"fr-FR","@id":"https:\/\/www.mycard.ch\/ihre-neue-kreditkarte-ist-jetzt-fuenf-jahre-gueltig\/#primaryimage","url":"https:\/\/www.mycard.ch\/wp-content\/uploads\/2023\/09\/5-Jahre_header_16x9_1422563918.jpg","contentUrl":"https:\/\/www.mycard.ch\/wp-content\/uploads\/2023\/09\/5-Jahre_header_16x9_1422563918.jpg","width":1600,"height":900,"caption":"Portrait of charming nice lovely teen teenager invite friend have success win victory rejoice cheerful enjoy candid isolated dressed modern clothing outfit colorful background"},{"@type":"BreadcrumbList","@id":"https:\/\/www.mycard.ch\/ihre-neue-kreditkarte-ist-jetzt-fuenf-jahre-gueltig\/#breadcrumb","itemListElement":[{"@type":"ListItem","position":1,"name":"Startseite","item":"https:\/\/www.mycard.ch\/fr\/"},{"@type":"ListItem","position":2,"name":"Votre nouvelle carte de cr\u00e9dit est d\u00e9sormais valable 5 ans"}]},{"@type":"WebSite","@id":"https:\/\/www.mycard.ch\/#website","url":"https:\/\/www.mycard.ch\/","name":"MyCard","description":"das Kundenmagazin der Viseca Card Services SA","potentialAction":[{"@type":"SearchAction","target":{"@type":"EntryPoint","urlTemplate":"https:\/\/www.mycard.ch\/?s={search_term_string}"},"query-input":{"@type":"PropertyValueSpecification","valueRequired":true,"valueName":"search_term_string"}}],"inLanguage":"fr-FR"},{"@type":"Person","@id":"https:\/\/www.mycard.ch\/#\/schema\/person\/2bf90bf839410d3bee77b07ab7e17350","name":"Bojan","image":{"@type":"ImageObject","inLanguage":"fr-FR","@id":"https:\/\/www.mycard.ch\/#\/schema\/person\/image\/","url":"https:\/\/secure.gravatar.com\/avatar\/1ac6150a15edeb7f3f21935221658c9422f5d2edc3bf33bbc3ea997464f70d1d?s=96&d=mm&r=g","contentUrl":"https:\/\/secure.gravatar.com\/avatar\/1ac6150a15edeb7f3f21935221658c9422f5d2edc3bf33bbc3ea997464f70d1d?s=96&d=mm&r=g","caption":"Bojan"},"url":"https:\/\/www.mycard.ch\/fr\/author\/bojan\/"}]}},"wpml_translations":{"de":{"id":"4539","lang":"de","slug":"ihre-neue-kreditkarte-ist-jetzt-fuenf-jahre-gueltig"},"fr":{"id":"4548","lang":"fr","slug":"votre-carte-de-credit-est-maintenant-valable-5-ans"},"it":{"id":"4550","lang":"it","slug":"la-vostra-carta-di-credito-valida-ora-5-anni"}},"publishpress_future_action":{"enabled":false,"date":"2026-05-07 21:51:20","action":"change-status","newStatus":"draft","terms":[],"taxonomy":"category","extraData":[]},"publishpress_future_workflow_manual_trigger":{"enabledWorkflows":[]},"_links":{"self":[{"href":"https:\/\/www.mycard.ch\/fr\/wp-json\/wp\/v2\/posts\/4548","targetHints":{"allow":["GET"]}}],"collection":[{"href":"https:\/\/www.mycard.ch\/fr\/wp-json\/wp\/v2\/posts"}],"about":[{"href":"https:\/\/www.mycard.ch\/fr\/wp-json\/wp\/v2\/types\/post"}],"author":[{"embeddable":true,"href":"https:\/\/www.mycard.ch\/fr\/wp-json\/wp\/v2\/users\/5"}],"replies":[{"embeddable":true,"href":"https:\/\/www.mycard.ch\/fr\/wp-json\/wp\/v2\/comments?post=4548"}],"version-history":[{"count":3,"href":"https:\/\/www.mycard.ch\/fr\/wp-json\/wp\/v2\/posts\/4548\/revisions"}],"predecessor-version":[{"id":4556,"href":"https:\/\/www.mycard.ch\/fr\/wp-json\/wp\/v2\/posts\/4548\/revisions\/4556"}],"wp:featuredmedia":[{"embeddable":true,"href":"https:\/\/www.mycard.ch\/fr\/wp-json\/wp\/v2\/media\/4549"}],"wp:attachment":[{"href":"https:\/\/www.mycard.ch\/fr\/wp-json\/wp\/v2\/media?parent=4548"}],"wp:term":[{"taxonomy":"category","embeddable":true,"href":"https:\/\/www.mycard.ch\/fr\/wp-json\/wp\/v2\/categories?post=4548"},{"taxonomy":"post_tag","embeddable":true,"href":"https:\/\/www.mycard.ch\/fr\/wp-json\/wp\/v2\/tags?post=4548"}],"curies":[{"name":"wp","href":"https:\/\/api.w.org\/{rel}","templated":true}]}}