{"id":5567,"date":"2024-07-10T00:01:00","date_gmt":"2024-07-09T22:01:00","guid":{"rendered":"https:\/\/www.mycard.ch\/?p=5567"},"modified":"2024-07-05T14:14:38","modified_gmt":"2024-07-05T12:14:38","slug":"vacanze-rilassate-e-sicure-grazie-alla-carta-di-credito","status":"publish","type":"post","link":"https:\/\/www.mycard.ch\/it\/vacanze-rilassate-e-sicure-grazie-alla-carta-di-credito\/","title":{"rendered":"Vacanze rilassate e sicure grazie alla carta di credito"},"content":{"rendered":"<div id=\"bsf_rt_marker\"><\/div>\n\t<div class=\"post-lead-holder\">\n\t\t<p>Il modo migliore per raccontare solo cose belle delle vostre ultime vacanze \u00e8 viaggiare con una carta di credito Viseca. E questo perch\u00e9 sarete ben assicurati.<\/p>\n\t<\/div>\n\n\n\n\t<div class=\"post-attribute-holder\">\n\t\t<span class=\"bsf-rt-reading-time\"><span class=\"bsf-rt-display-label\" prefix=\"Reading Time\">\n\t\t<\/span> <span class=\"bsf-rt-display-time\" reading_time=\"2\"><\/span> \n\t\t<span class=\"bsf-rt-display-postfix\" postfix=\"mins\"><\/span><\/span>min. di lettura-10.07.2024 \u2013 \n\t\tFoto: Viseca\/shutterstock\t<\/div>\n\n\n\n<p>Siete in partenza per le vacanze estive: finora \u00e8 andato tutto liscio. Check-in rapido, volo tranquillo, atterraggio morbido. Le valigie dei passeggeri arrivano in fretta sul nastro trasportatore, ma purtroppo le vostre non si vedono. Questa situazione \u00e8 certamente fastidiosa, ma se avete pagato il vostro viaggio con la carta di credito*, riceverete un aiuto. Ora anche con la carta Argento beneficiate dell&#8217;assicurazione per ritardo del bagaglio. Se la vostra valigia subisce un ritardo di oltre quattro ore, i costi per spese necessarie fino a CHF 500.\u2013 (CHF 1000.\u2013 con la carta Oro) sono coperti. Cos\u00ec potete comunque iniziare tranquillamente le vostre vacanze.<\/p>\n\n\n\n<figure class=\"wp-block-image size-large\"><img loading=\"lazy\" decoding=\"async\" width=\"1024\" height=\"576\" src=\"https:\/\/www.mycard.ch\/wp-content\/uploads\/2024\/07\/02_b-claim_16x9_2322747527-1024x576.jpg\" alt=\"\" class=\"wp-image-5560\" srcset=\"https:\/\/www.mycard.ch\/wp-content\/uploads\/2024\/07\/02_b-claim_16x9_2322747527-1024x576.jpg 1024w, https:\/\/www.mycard.ch\/wp-content\/uploads\/2024\/07\/02_b-claim_16x9_2322747527-300x169.jpg 300w, https:\/\/www.mycard.ch\/wp-content\/uploads\/2024\/07\/02_b-claim_16x9_2322747527-768x432.jpg 768w, https:\/\/www.mycard.ch\/wp-content\/uploads\/2024\/07\/02_b-claim_16x9_2322747527-1536x864.jpg 1536w, https:\/\/www.mycard.ch\/wp-content\/uploads\/2024\/07\/02_b-claim_16x9_2322747527-1000x562.jpg 1000w, https:\/\/www.mycard.ch\/wp-content\/uploads\/2024\/07\/02_b-claim_16x9_2322747527-500x281.jpg 500w, https:\/\/www.mycard.ch\/wp-content\/uploads\/2024\/07\/02_b-claim_16x9_2322747527-1500x843.jpg 1500w, https:\/\/www.mycard.ch\/wp-content\/uploads\/2024\/07\/02_b-claim_16x9_2322747527.jpg 1600w\" sizes=\"auto, (max-width: 1024px) 100vw, 1024px\" \/><figcaption class=\"wp-element-caption\"><em><em>Se la vostra valigia non arriva, l&#8217;assicurazione per ritardo del bagaglio vi aiuter\u00e0. Le spese essenziali sono coperte e voi potete iniziare la vostra vacanza pienamente rilassati.<\/em><\/em><\/figcaption><\/figure>\n\n\n\n<h2 class=\"wp-block-heading\"><strong><strong>Risparmiare sul noleggio dell&#8217;auto<\/strong><\/strong><\/h2>\n\n\n\n<p>Per noleggiare un&#8217;auto in vacanza, dovete sapere che la maggior parte delle societ\u00e0 di autonoleggio richiede una carta di credito come garanzia. Senza carta di credito, nessuno vi dar\u00e0 un&#8217;auto a noleggio. Ma pagare l&#8217;auto a noleggio con la carta di credito offre ancora pi\u00f9 vantaggi. Nella carta Oro \u00e8 automaticamente inclusa un&#8217;assicurazione franchigia per noleggio auto, che copre la franchigia fino a CHF 10&nbsp;000.\u2013 nei casi di danneggiamento o furto. Da parte vostra, quindi, potete fare tranquillamente a meno di pagare qualsiasi tassa aggiuntiva per ridurre la franchigia e risparmiate cos\u00ec sui costi.<\/p>\n\n\n\n<figure class=\"wp-block-image size-large\"><img loading=\"lazy\" decoding=\"async\" width=\"1024\" height=\"576\" src=\"https:\/\/www.mycard.ch\/wp-content\/uploads\/2024\/07\/03_mietwagen_16x9_304623506-1024x576.jpg\" alt=\"\" class=\"wp-image-5561\" srcset=\"https:\/\/www.mycard.ch\/wp-content\/uploads\/2024\/07\/03_mietwagen_16x9_304623506-1024x576.jpg 1024w, https:\/\/www.mycard.ch\/wp-content\/uploads\/2024\/07\/03_mietwagen_16x9_304623506-300x169.jpg 300w, https:\/\/www.mycard.ch\/wp-content\/uploads\/2024\/07\/03_mietwagen_16x9_304623506-768x432.jpg 768w, https:\/\/www.mycard.ch\/wp-content\/uploads\/2024\/07\/03_mietwagen_16x9_304623506-1536x864.jpg 1536w, https:\/\/www.mycard.ch\/wp-content\/uploads\/2024\/07\/03_mietwagen_16x9_304623506-1000x562.jpg 1000w, https:\/\/www.mycard.ch\/wp-content\/uploads\/2024\/07\/03_mietwagen_16x9_304623506-500x281.jpg 500w, https:\/\/www.mycard.ch\/wp-content\/uploads\/2024\/07\/03_mietwagen_16x9_304623506-1500x843.jpg 1500w, https:\/\/www.mycard.ch\/wp-content\/uploads\/2024\/07\/03_mietwagen_16x9_304623506.jpg 1600w\" sizes=\"auto, (max-width: 1024px) 100vw, 1024px\" \/><figcaption class=\"wp-element-caption\"><em><em>Se pagate l&#8217;auto a noleggio con la carta Oro, potete costeggiare il mare ancora pi\u00f9 rilassati e risparmiare denaro prezioso. Nell&#8217;assicurazione casco la franchigia \u00e8 coperta fino a CHF 10&nbsp;000.\u2013.<\/em><\/em><\/figcaption><\/figure>\n\n\n\n<h2 class=\"wp-block-heading\"><strong><strong>Pronti per le vacanze<\/strong><\/strong><\/h2>\n\n\n\n<p>Con tutti i bagagli pronti e l&#8217;auto a noleggio perfettamente assicurata, \u00e8 ora di iniziare le sospirate vacanze. Con la carta Oro, il vostro bagaglio \u00e8 ben assicurato contro danneggiamento, furto o perdita durante tutto il viaggio. L&#8217;assicurazione bagaglio copre i danni fino a CHF 5&nbsp;000.\u2013.<\/p>\n\n\n\n<p>E non \u00e8 tutto! Se la vostra vacanza deve essere interrotta, sospesa o prolungata per motivi imprevisti, beneficiate dell&#8217;assicurazione per interruzione del viaggio, che copre le spese sostenute fino a CHF 7&nbsp;500.\u2013 (carta Oro: CHF 15&nbsp;000.\u2013).<\/p>\n\n\n\n<p>Le vacanze con la carta di credito sono vantaggiose sotto molti punti di vista. Le assicurazioni di viaggio di Viseca vi proteggono prima e durante il viaggio, e vi aiutano anche a risparmiare.<\/p>\n\n\n\n<figure class=\"wp-block-image size-large\"><img loading=\"lazy\" decoding=\"async\" width=\"1024\" height=\"576\" src=\"https:\/\/www.mycard.ch\/wp-content\/uploads\/2024\/07\/04_16x9_Silber_Visa_Master_Kombo-1024x576.jpg\" alt=\"\" class=\"wp-image-5562\" srcset=\"https:\/\/www.mycard.ch\/wp-content\/uploads\/2024\/07\/04_16x9_Silber_Visa_Master_Kombo-1024x576.jpg 1024w, https:\/\/www.mycard.ch\/wp-content\/uploads\/2024\/07\/04_16x9_Silber_Visa_Master_Kombo-300x169.jpg 300w, https:\/\/www.mycard.ch\/wp-content\/uploads\/2024\/07\/04_16x9_Silber_Visa_Master_Kombo-768x432.jpg 768w, https:\/\/www.mycard.ch\/wp-content\/uploads\/2024\/07\/04_16x9_Silber_Visa_Master_Kombo-1536x864.jpg 1536w, https:\/\/www.mycard.ch\/wp-content\/uploads\/2024\/07\/04_16x9_Silber_Visa_Master_Kombo-1000x562.jpg 1000w, https:\/\/www.mycard.ch\/wp-content\/uploads\/2024\/07\/04_16x9_Silber_Visa_Master_Kombo-500x281.jpg 500w, https:\/\/www.mycard.ch\/wp-content\/uploads\/2024\/07\/04_16x9_Silber_Visa_Master_Kombo-1500x843.jpg 1500w, https:\/\/www.mycard.ch\/wp-content\/uploads\/2024\/07\/04_16x9_Silber_Visa_Master_Kombo.jpg 1600w\" sizes=\"auto, (max-width: 1024px) 100vw, 1024px\" \/><figcaption class=\"wp-element-caption\"><em><em>Con le nuove carte Argento e Oro, siete ben assicurati durante i viaggi e le vacanze.<\/em><\/em><\/figcaption><\/figure>\n\n\n\n<div class=\"wp-block-buttons is-content-justification-center is-layout-flex wp-container-core-buttons-is-layout-16018d1d wp-block-buttons-is-layout-flex\">\n<div class=\"wp-block-button\"><a class=\"wp-block-button__link wp-element-button\" href=\"https:\/\/www.viseca.ch\/it\/servizi\/assicurazioni\" target=\"_blank\" rel=\"noreferrer noopener\">Scoprite subito tutte le assicurazioni di viaggio.<\/a><\/div>\n<\/div>\n\n\n\n<p><\/p>\n\n\n\n<p><\/p>\n\n\n\n<p>Le condizioni di assicurazione complete per tutte le carte di credito sono disponibili <a href=\"https:\/\/card-terms.ch\/it\/viseca\/condizioni-di-assicurazione-clienti-privati\/\" target=\"_blank\" rel=\"noreferrer noopener\">qui.<\/a><\/p>\n\n\n\n<p><em><em>* Il viaggio deve essere stato pagato almeno per il 60% con la carta di credito.<\/em><\/em><\/p>\n\n\n\n    <div class=\"select-post-holder flex-container section layout-article-teaser\">\n     <div class=\"container\">\n       \n                   \n                 \n     <div class=\"select-post flex-item square\">\n                           \n                                 \n                  <div class=\"featured-image-holder\">\n                     <a href=\"https:\/\/www.mycard.ch\/it\/vacanze-pronti-via\/\">\n                       <div class=\"featured-iamge\">\n                         <img loading=\"lazy\" decoding=\"async\" width=\"400\" height=\"400\" src=\"https:\/\/www.mycard.ch\/wp-content\/uploads\/2023\/06\/myCard_SB6_FerienCheck_header_16x9_1518165011-400x400.jpg\" class=\"attachment-mid-size-q size-mid-size-q wp-post-image\" alt=\"\" srcset=\"https:\/\/www.mycard.ch\/wp-content\/uploads\/2023\/06\/myCard_SB6_FerienCheck_header_16x9_1518165011-400x400.jpg 400w, https:\/\/www.mycard.ch\/wp-content\/uploads\/2023\/06\/myCard_SB6_FerienCheck_header_16x9_1518165011-150x150.jpg 150w, https:\/\/www.mycard.ch\/wp-content\/uploads\/2023\/06\/myCard_SB6_FerienCheck_header_16x9_1518165011-200x200.jpg 200w\" sizes=\"auto, (max-width: 400px) 100vw, 400px\" \/>                       <\/div>\n                     <\/a>\t\n                   <\/div>\n                   \n                   <div class=\"featured-content\">\n                      <a href=\"https:\/\/www.mycard.ch\/it\/vacanze-pronti-via\/\">\n                       <h2>Vacanze, pronti via!<\/h2>\n                       <span class=\"reading-time\"><span class=\"bsf-rt-reading-time\"><span class=\"bsf-rt-display-label\" prefix=\"Reading Time\">\n\t\t<\/span> <span class=\"bsf-rt-display-time\" reading_time=\"1\"><\/span> \n\t\t<span class=\"bsf-rt-display-postfix\" postfix=\"mins\"><\/span><\/span>min. di lettura<\/span>\n                       <\/a>\t\n                  <\/div>\n                     \n                              \n            \n               \n               \n                 \n\n                  <\/div>    \n                      \n                   \n       \n     <\/div> \n   <\/div>  \n","protected":false},"excerpt":{"rendered":"<p>Siete in partenza per le vacanze estive: finora \u00e8 andato tutto liscio. Check-in rapido, volo tranquillo, atterraggio morbido. Le valigie dei passeggeri arrivano in fretta sul nastro trasportatore, ma purtroppo [&hellip;]<\/p>\n","protected":false},"author":5,"featured_media":5568,"comment_status":"closed","ping_status":"closed","sticky":false,"template":"","format":"standard","meta":{"_acf_changed":false,"inline_featured_image":false,"footnotes":""},"categories":[55],"tags":[],"class_list":["post-5567","post","type-post","status-publish","format-standard","has-post-thumbnail","hentry","category-pagamenti-facili"],"acf":{"show_content_below_image":[],"publizieren_auf":["mycard"]},"yoast_head":"<!-- This site is optimized with the Yoast SEO plugin v26.8 - https:\/\/yoast.com\/product\/yoast-seo-wordpress\/ -->\n<title>Vacanze rilassate e sicure grazie alla carta di credito - MyCard<\/title>\n<meta name=\"description\" content=\"Il modo migliore per raccontare solo cose belle delle vostre ultime vacanze \u00e8 viaggiare con una carta di credito Viseca, perch\u00e9 sarete ben assicurati.\" \/>\n<meta name=\"robots\" content=\"index, follow, max-snippet:-1, max-image-preview:large, max-video-preview:-1\" \/>\n<link rel=\"canonical\" href=\"https:\/\/www.mycard.ch\/entspannte-und-sichere-ferien-dank-ihrer-kreditkarte\/\" \/>\n<meta property=\"og:locale\" content=\"it_IT\" \/>\n<meta property=\"og:type\" content=\"article\" \/>\n<meta property=\"og:title\" content=\"Vacanze rilassate e sicure grazie alla carta di credito - MyCard\" \/>\n<meta property=\"og:description\" content=\"Il modo migliore per raccontare solo cose belle delle vostre ultime vacanze \u00e8 viaggiare con una carta di credito Viseca, perch\u00e9 sarete ben assicurati.\" \/>\n<meta property=\"og:url\" content=\"https:\/\/www.mycard.ch\/entspannte-und-sichere-ferien-dank-ihrer-kreditkarte\/\" \/>\n<meta property=\"og:site_name\" content=\"MyCard\" \/>\n<meta property=\"article:published_time\" content=\"2024-07-09T22:01:00+00:00\" \/>\n<meta property=\"og:image\" content=\"https:\/\/www.mycard.ch\/wp-content\/uploads\/2024\/07\/01_header_16x9_hotel_006.jpg\" \/>\n\t<meta property=\"og:image:width\" content=\"1600\" \/>\n\t<meta property=\"og:image:height\" content=\"900\" \/>\n\t<meta property=\"og:image:type\" content=\"image\/jpeg\" \/>\n<meta name=\"author\" content=\"Bojan\" \/>\n<meta name=\"twitter:card\" content=\"summary_large_image\" \/>\n<meta name=\"twitter:label1\" content=\"Scritto da\" \/>\n\t<meta name=\"twitter:data1\" content=\"Bojan\" \/>\n\t<meta name=\"twitter:label2\" content=\"Tempo di lettura stimato\" \/>\n\t<meta name=\"twitter:data2\" content=\"4 minuti\" \/>\n<script type=\"application\/ld+json\" class=\"yoast-schema-graph\">{\"@context\":\"https:\/\/schema.org\",\"@graph\":[{\"@type\":\"Article\",\"@id\":\"https:\/\/www.mycard.ch\/entspannte-und-sichere-ferien-dank-ihrer-kreditkarte\/#article\",\"isPartOf\":{\"@id\":\"https:\/\/www.mycard.ch\/entspannte-und-sichere-ferien-dank-ihrer-kreditkarte\/\"},\"author\":{\"name\":\"Bojan\",\"@id\":\"https:\/\/www.mycard.ch\/#\/schema\/person\/2bf90bf839410d3bee77b07ab7e17350\"},\"headline\":\"Vacanze rilassate e sicure grazie alla carta di credito\",\"datePublished\":\"2024-07-09T22:01:00+00:00\",\"mainEntityOfPage\":{\"@id\":\"https:\/\/www.mycard.ch\/entspannte-und-sichere-ferien-dank-ihrer-kreditkarte\/\"},\"wordCount\":440,\"image\":{\"@id\":\"https:\/\/www.mycard.ch\/entspannte-und-sichere-ferien-dank-ihrer-kreditkarte\/#primaryimage\"},\"thumbnailUrl\":\"https:\/\/www.mycard.ch\/wp-content\/uploads\/2024\/07\/01_header_16x9_hotel_006.jpg\",\"articleSection\":[\"Pagamenti facili\"],\"inLanguage\":\"it-IT\"},{\"@type\":\"WebPage\",\"@id\":\"https:\/\/www.mycard.ch\/entspannte-und-sichere-ferien-dank-ihrer-kreditkarte\/\",\"url\":\"https:\/\/www.mycard.ch\/entspannte-und-sichere-ferien-dank-ihrer-kreditkarte\/\",\"name\":\"Vacanze rilassate e sicure grazie alla carta di credito - MyCard\",\"isPartOf\":{\"@id\":\"https:\/\/www.mycard.ch\/#website\"},\"primaryImageOfPage\":{\"@id\":\"https:\/\/www.mycard.ch\/entspannte-und-sichere-ferien-dank-ihrer-kreditkarte\/#primaryimage\"},\"image\":{\"@id\":\"https:\/\/www.mycard.ch\/entspannte-und-sichere-ferien-dank-ihrer-kreditkarte\/#primaryimage\"},\"thumbnailUrl\":\"https:\/\/www.mycard.ch\/wp-content\/uploads\/2024\/07\/01_header_16x9_hotel_006.jpg\",\"datePublished\":\"2024-07-09T22:01:00+00:00\",\"author\":{\"@id\":\"https:\/\/www.mycard.ch\/#\/schema\/person\/2bf90bf839410d3bee77b07ab7e17350\"},\"description\":\"Il modo migliore per raccontare solo cose belle delle vostre ultime vacanze \u00e8 viaggiare con una carta di credito Viseca, perch\u00e9 sarete ben assicurati.\",\"breadcrumb\":{\"@id\":\"https:\/\/www.mycard.ch\/entspannte-und-sichere-ferien-dank-ihrer-kreditkarte\/#breadcrumb\"},\"inLanguage\":\"it-IT\",\"potentialAction\":[{\"@type\":\"ReadAction\",\"target\":[\"https:\/\/www.mycard.ch\/entspannte-und-sichere-ferien-dank-ihrer-kreditkarte\/\"]}]},{\"@type\":\"ImageObject\",\"inLanguage\":\"it-IT\",\"@id\":\"https:\/\/www.mycard.ch\/entspannte-und-sichere-ferien-dank-ihrer-kreditkarte\/#primaryimage\",\"url\":\"https:\/\/www.mycard.ch\/wp-content\/uploads\/2024\/07\/01_header_16x9_hotel_006.jpg\",\"contentUrl\":\"https:\/\/www.mycard.ch\/wp-content\/uploads\/2024\/07\/01_header_16x9_hotel_006.jpg\",\"width\":1600,\"height\":900},{\"@type\":\"BreadcrumbList\",\"@id\":\"https:\/\/www.mycard.ch\/entspannte-und-sichere-ferien-dank-ihrer-kreditkarte\/#breadcrumb\",\"itemListElement\":[{\"@type\":\"ListItem\",\"position\":1,\"name\":\"Startseite\",\"item\":\"https:\/\/www.mycard.ch\/it\/\"},{\"@type\":\"ListItem\",\"position\":2,\"name\":\"Vacanze rilassate e sicure grazie alla carta di credito\"}]},{\"@type\":\"WebSite\",\"@id\":\"https:\/\/www.mycard.ch\/#website\",\"url\":\"https:\/\/www.mycard.ch\/\",\"name\":\"MyCard\",\"description\":\"das Kundenmagazin der Viseca Card Services SA\",\"potentialAction\":[{\"@type\":\"SearchAction\",\"target\":{\"@type\":\"EntryPoint\",\"urlTemplate\":\"https:\/\/www.mycard.ch\/?s={search_term_string}\"},\"query-input\":{\"@type\":\"PropertyValueSpecification\",\"valueRequired\":true,\"valueName\":\"search_term_string\"}}],\"inLanguage\":\"it-IT\"},{\"@type\":\"Person\",\"@id\":\"https:\/\/www.mycard.ch\/#\/schema\/person\/2bf90bf839410d3bee77b07ab7e17350\",\"name\":\"Bojan\",\"image\":{\"@type\":\"ImageObject\",\"inLanguage\":\"it-IT\",\"@id\":\"https:\/\/www.mycard.ch\/#\/schema\/person\/image\/\",\"url\":\"https:\/\/secure.gravatar.com\/avatar\/1ac6150a15edeb7f3f21935221658c9422f5d2edc3bf33bbc3ea997464f70d1d?s=96&d=mm&r=g\",\"contentUrl\":\"https:\/\/secure.gravatar.com\/avatar\/1ac6150a15edeb7f3f21935221658c9422f5d2edc3bf33bbc3ea997464f70d1d?s=96&d=mm&r=g\",\"caption\":\"Bojan\"},\"url\":\"https:\/\/www.mycard.ch\/it\/author\/bojan\/\"}]}<\/script>\n<!-- \/ Yoast SEO plugin. -->","yoast_head_json":{"title":"Vacanze rilassate e sicure grazie alla carta di credito - MyCard","description":"Il modo migliore per raccontare solo cose belle delle vostre ultime vacanze \u00e8 viaggiare con una carta di credito Viseca, perch\u00e9 sarete ben assicurati.","robots":{"index":"index","follow":"follow","max-snippet":"max-snippet:-1","max-image-preview":"max-image-preview:large","max-video-preview":"max-video-preview:-1"},"canonical":"https:\/\/www.mycard.ch\/entspannte-und-sichere-ferien-dank-ihrer-kreditkarte\/","og_locale":"it_IT","og_type":"article","og_title":"Vacanze rilassate e sicure grazie alla carta di credito - MyCard","og_description":"Il modo migliore per raccontare solo cose belle delle vostre ultime vacanze \u00e8 viaggiare con una carta di credito Viseca, perch\u00e9 sarete ben assicurati.","og_url":"https:\/\/www.mycard.ch\/entspannte-und-sichere-ferien-dank-ihrer-kreditkarte\/","og_site_name":"MyCard","article_published_time":"2024-07-09T22:01:00+00:00","og_image":[{"width":1600,"height":900,"url":"https:\/\/www.mycard.ch\/wp-content\/uploads\/2024\/07\/01_header_16x9_hotel_006.jpg","type":"image\/jpeg"}],"author":"Bojan","twitter_card":"summary_large_image","twitter_misc":{"Scritto da":"Bojan","Tempo di lettura stimato":"4 minuti"},"schema":{"@context":"https:\/\/schema.org","@graph":[{"@type":"Article","@id":"https:\/\/www.mycard.ch\/entspannte-und-sichere-ferien-dank-ihrer-kreditkarte\/#article","isPartOf":{"@id":"https:\/\/www.mycard.ch\/entspannte-und-sichere-ferien-dank-ihrer-kreditkarte\/"},"author":{"name":"Bojan","@id":"https:\/\/www.mycard.ch\/#\/schema\/person\/2bf90bf839410d3bee77b07ab7e17350"},"headline":"Vacanze rilassate e sicure grazie alla carta di credito","datePublished":"2024-07-09T22:01:00+00:00","mainEntityOfPage":{"@id":"https:\/\/www.mycard.ch\/entspannte-und-sichere-ferien-dank-ihrer-kreditkarte\/"},"wordCount":440,"image":{"@id":"https:\/\/www.mycard.ch\/entspannte-und-sichere-ferien-dank-ihrer-kreditkarte\/#primaryimage"},"thumbnailUrl":"https:\/\/www.mycard.ch\/wp-content\/uploads\/2024\/07\/01_header_16x9_hotel_006.jpg","articleSection":["Pagamenti facili"],"inLanguage":"it-IT"},{"@type":"WebPage","@id":"https:\/\/www.mycard.ch\/entspannte-und-sichere-ferien-dank-ihrer-kreditkarte\/","url":"https:\/\/www.mycard.ch\/entspannte-und-sichere-ferien-dank-ihrer-kreditkarte\/","name":"Vacanze rilassate e sicure grazie alla carta di credito - MyCard","isPartOf":{"@id":"https:\/\/www.mycard.ch\/#website"},"primaryImageOfPage":{"@id":"https:\/\/www.mycard.ch\/entspannte-und-sichere-ferien-dank-ihrer-kreditkarte\/#primaryimage"},"image":{"@id":"https:\/\/www.mycard.ch\/entspannte-und-sichere-ferien-dank-ihrer-kreditkarte\/#primaryimage"},"thumbnailUrl":"https:\/\/www.mycard.ch\/wp-content\/uploads\/2024\/07\/01_header_16x9_hotel_006.jpg","datePublished":"2024-07-09T22:01:00+00:00","author":{"@id":"https:\/\/www.mycard.ch\/#\/schema\/person\/2bf90bf839410d3bee77b07ab7e17350"},"description":"Il modo migliore per raccontare solo cose belle delle vostre ultime vacanze \u00e8 viaggiare con una carta di credito Viseca, perch\u00e9 sarete ben assicurati.","breadcrumb":{"@id":"https:\/\/www.mycard.ch\/entspannte-und-sichere-ferien-dank-ihrer-kreditkarte\/#breadcrumb"},"inLanguage":"it-IT","potentialAction":[{"@type":"ReadAction","target":["https:\/\/www.mycard.ch\/entspannte-und-sichere-ferien-dank-ihrer-kreditkarte\/"]}]},{"@type":"ImageObject","inLanguage":"it-IT","@id":"https:\/\/www.mycard.ch\/entspannte-und-sichere-ferien-dank-ihrer-kreditkarte\/#primaryimage","url":"https:\/\/www.mycard.ch\/wp-content\/uploads\/2024\/07\/01_header_16x9_hotel_006.jpg","contentUrl":"https:\/\/www.mycard.ch\/wp-content\/uploads\/2024\/07\/01_header_16x9_hotel_006.jpg","width":1600,"height":900},{"@type":"BreadcrumbList","@id":"https:\/\/www.mycard.ch\/entspannte-und-sichere-ferien-dank-ihrer-kreditkarte\/#breadcrumb","itemListElement":[{"@type":"ListItem","position":1,"name":"Startseite","item":"https:\/\/www.mycard.ch\/it\/"},{"@type":"ListItem","position":2,"name":"Vacanze rilassate e sicure grazie alla carta di credito"}]},{"@type":"WebSite","@id":"https:\/\/www.mycard.ch\/#website","url":"https:\/\/www.mycard.ch\/","name":"MyCard","description":"das Kundenmagazin der Viseca Card Services SA","potentialAction":[{"@type":"SearchAction","target":{"@type":"EntryPoint","urlTemplate":"https:\/\/www.mycard.ch\/?s={search_term_string}"},"query-input":{"@type":"PropertyValueSpecification","valueRequired":true,"valueName":"search_term_string"}}],"inLanguage":"it-IT"},{"@type":"Person","@id":"https:\/\/www.mycard.ch\/#\/schema\/person\/2bf90bf839410d3bee77b07ab7e17350","name":"Bojan","image":{"@type":"ImageObject","inLanguage":"it-IT","@id":"https:\/\/www.mycard.ch\/#\/schema\/person\/image\/","url":"https:\/\/secure.gravatar.com\/avatar\/1ac6150a15edeb7f3f21935221658c9422f5d2edc3bf33bbc3ea997464f70d1d?s=96&d=mm&r=g","contentUrl":"https:\/\/secure.gravatar.com\/avatar\/1ac6150a15edeb7f3f21935221658c9422f5d2edc3bf33bbc3ea997464f70d1d?s=96&d=mm&r=g","caption":"Bojan"},"url":"https:\/\/www.mycard.ch\/it\/author\/bojan\/"}]}},"wpml_translations":{"de":{"id":"5558","lang":"de","slug":"entspannte-und-sichere-ferien-dank-ihrer-kreditkarte"},"fr":{"id":"5565","lang":"fr","slug":"des-vacances-decontractees-et-sures-grace-a-votre-carte-de-credit"},"it":{"id":"5567","lang":"it","slug":"vacanze-rilassate-e-sicure-grazie-alla-carta-di-credito"}},"publishpress_future_action":{"enabled":false,"date":"2026-05-06 20:40:34","action":"change-status","newStatus":"draft","terms":[],"taxonomy":"category","extraData":[]},"publishpress_future_workflow_manual_trigger":{"enabledWorkflows":[]},"_links":{"self":[{"href":"https:\/\/www.mycard.ch\/it\/wp-json\/wp\/v2\/posts\/5567","targetHints":{"allow":["GET"]}}],"collection":[{"href":"https:\/\/www.mycard.ch\/it\/wp-json\/wp\/v2\/posts"}],"about":[{"href":"https:\/\/www.mycard.ch\/it\/wp-json\/wp\/v2\/types\/post"}],"author":[{"embeddable":true,"href":"https:\/\/www.mycard.ch\/it\/wp-json\/wp\/v2\/users\/5"}],"replies":[{"embeddable":true,"href":"https:\/\/www.mycard.ch\/it\/wp-json\/wp\/v2\/comments?post=5567"}],"version-history":[{"count":2,"href":"https:\/\/www.mycard.ch\/it\/wp-json\/wp\/v2\/posts\/5567\/revisions"}],"predecessor-version":[{"id":5606,"href":"https:\/\/www.mycard.ch\/it\/wp-json\/wp\/v2\/posts\/5567\/revisions\/5606"}],"wp:featuredmedia":[{"embeddable":true,"href":"https:\/\/www.mycard.ch\/it\/wp-json\/wp\/v2\/media\/5568"}],"wp:attachment":[{"href":"https:\/\/www.mycard.ch\/it\/wp-json\/wp\/v2\/media?parent=5567"}],"wp:term":[{"taxonomy":"category","embeddable":true,"href":"https:\/\/www.mycard.ch\/it\/wp-json\/wp\/v2\/categories?post=5567"},{"taxonomy":"post_tag","embeddable":true,"href":"https:\/\/www.mycard.ch\/it\/wp-json\/wp\/v2\/tags?post=5567"}],"curies":[{"name":"wp","href":"https:\/\/api.w.org\/{rel}","templated":true}]}}